{"id":2030,"date":"2025-03-14T15:34:14","date_gmt":"2025-03-14T15:34:14","guid":{"rendered":"https:\/\/biyografikimdir.com\/?p=2030"},"modified":"2025-03-14T15:34:14","modified_gmt":"2025-03-14T15:34:14","slug":"democratic-rep-raul-grijalva-dies-at-77-after-battle-with-cancer","status":"publish","type":"post","link":"https:\/\/biyografikimdir.com\/?p=2030","title":{"rendered":"Democratic Rep. Ra\u00fal Grijalva Dies At 77 After Battle With Cancer"},"content":{"rendered":"<h3 data-pm-slice=\"1 1 []\">Rep. Ra\u00fal Grijalva Passes Away at 77<\/h3>\n<p>Arizona Congressman Ra\u00fal Grijalva, a longtime Democratic leader and advocate for progressive policies, passed away at the age of 77. His office announced that he died Thursday morning due to complications from cancer treatments.<\/p>\n<h3>A Courageous Battle with Cancer<\/h3>\n<p>Grijalva publicly revealed his cancer diagnosis in April 2024 and had been undergoing treatment. At the time, he described the news as &#8220;difficult to process.&#8221; His office honored his resilience, stating, &#8220;Rep. Grijalva fought a long and brave battle.&#8221;<\/p>\n<h3>A Legacy of Public Service<\/h3>\n<p>Grijalva was first elected to the U.S. House of Representatives in 2002. Throughout his tenure, he played a key role on the House Natural Resources Committee, serving as both ranking member and chair. He was widely respected for his environmental advocacy and his dedication to conservation efforts.<\/p>\n<h3>Champion for Progressive Causes<\/h3>\n<p>In addition to his work on environmental issues, Grijalva was an active member of the Congressional Hispanic Caucus and served as chair emeritus of the Congressional Progressive Caucus (CPC). His leadership helped shape progressive policies in the House, earning him a reputation as a strong voice for marginalized communities.<\/p>\n<p>\u201cRep. Grijalva\u2019s kind and humble nature was known to many,\u201d his office said in a statement. \u201cHe was approachable by all because he believed people should be treated as equals. He loved to give gifts, blare music in his office, and get to know people for who they are.\u201d<\/p>\n<h3>Representation for Southern Arizona<\/h3>\n<p>Grijalva represented a Democratic district along the U.S.-Mexico border in southern Arizona. He consistently won reelection by large margins, securing a twelfth term in November after defeating his Republican opponent by more than 25 percentage points.<\/p>\n<p>His passing leaves a vacancy in the House, which will be filled by a special election.<\/p>\n<p>&nbsp;<\/p>\n<div class=\"twitter-tweet twitter-tweet-rendered\"><iframe id=\"twitter-widget-0\" class=\"\" title=\"X Post\" src=\"https:\/\/platform.twitter.com\/embed\/Tweet.html?dnt=false&amp;embedId=twitter-widget-0&amp;features=eyJ0ZndfdGltZWxpbmVfbGlzdCI6eyJidWNrZXQiOltdLCJ2ZXJzaW9uIjpudWxsfSwidGZ3X2ZvbGxvd2VyX2NvdW50X3N1bnNldCI6eyJidWNrZXQiOnRydWUsInZlcnNpb24iOm51bGx9LCJ0ZndfdHdlZXRfZWRpdF9iYWNrZW5kIjp7ImJ1Y2tldCI6Im9uIiwidmVyc2lvbiI6bnVsbH0sInRmd19yZWZzcmNfc2Vzc2lvbiI6eyJidWNrZXQiOiJvbiIsInZlcnNpb24iOm51bGx9LCJ0ZndfZm9zbnJfc29mdF9pbnRlcnZlbnRpb25zX2VuYWJsZWQiOnsiYnVja2V0Ijoib24iLCJ2ZXJzaW9uIjpudWxsfSwidGZ3X21peGVkX21lZGlhXzE1ODk3Ijp7ImJ1Y2tldCI6InRyZWF0bWVudCIsInZlcnNpb24iOm51bGx9LCJ0ZndfZXhwZXJpbWVudHNfY29va2llX2V4cGlyYXRpb24iOnsiYnVja2V0IjoxMjA5NjAwLCJ2ZXJzaW9uIjpudWxsfSwidGZ3X3Nob3dfYmlyZHdhdGNoX3Bpdm90c19lbmFibGVkIjp7ImJ1Y2tldCI6Im9uIiwidmVyc2lvbiI6bnVsbH0sInRmd19kdXBsaWNhdGVfc2NyaWJlc190b19zZXR0aW5ncyI6eyJidWNrZXQiOiJvbiIsInZlcnNpb24iOm51bGx9LCJ0ZndfdXNlX3Byb2ZpbGVfaW1hZ2Vfc2hhcGVfZW5hYmxlZCI6eyJidWNrZXQiOiJvbiIsInZlcnNpb24iOm51bGx9LCJ0ZndfdmlkZW9faGxzX2R5bmFtaWNfbWFuaWZlc3RzXzE1MDgyIjp7ImJ1Y2tldCI6InRydWVfYml0cmF0ZSIsInZlcnNpb24iOm51bGx9LCJ0ZndfbGVnYWN5X3RpbWVsaW5lX3N1bnNldCI6eyJidWNrZXQiOnRydWUsInZlcnNpb24iOm51bGx9LCJ0ZndfdHdlZXRfZWRpdF9mcm9udGVuZCI6eyJidWNrZXQiOiJvbiIsInZlcnNpb24iOm51bGx9fQ%3D%3D&amp;frame=false&amp;hideCard=false&amp;hideThread=false&amp;id=1900295186833715351&amp;lang=en&amp;origin=https%3A%2F%2Fconservativebrief.com%2Fdies-cancer-90063%2F&amp;sessionId=e551f660c2ce95f69ac6fe0c8741c54bd973e5d5&amp;theme=light&amp;widgetsVersion=2615f7e52b7e0%3A1702314776716&amp;width=550px\" frameborder=\"0\" scrolling=\"no\" allowfullscreen=\"allowfullscreen\" data-tweet-id=\"1900295186833715351\" data-mce-fragment=\"1\"><\/iframe><\/div>\n<p>&nbsp;<\/p>\n<div class=\"code-block code-block-10\">\n<h3>Another Loss for House Democrats<\/h3>\n<p>Grijalva\u2019s death comes just a week after the passing of Texas Democratic Rep. Sylvester Turner, a former Houston mayor, at the age of 70. These back-to-back losses have left House Democrats mourning two influential members.<\/p>\n<h3>Tributes from Colleagues<\/h3>\n<p>Rep. Greg Casar (D-Texas), chair of the Congressional Progressive Caucus, described Grijalva as &#8220;a real giant of the House and of the progressive movement.&#8221; He praised his legacy as a champion for the environment and environmental justice, adding, &#8220;As a young Latino in politics, there were not that many Latino progressives with a real national profile to look up to. He was a mentor and friend to me.&#8221;<\/p>\n<p>Former CPC chair Rep. Pramila Jayapal (D-Wash.) also paid tribute, recalling Grijalva\u2019s unwavering commitment to progressive causes. \u201cYou never had to wonder where Rep. Grijalva was going to be on a critical vote. He was always going to be in the place of the people,\u201d she said. \u201cHe was a champion on so many big issues. It is an immense loss, and my thoughts go out to his family.&#8221;<\/p>\n<h3>House Minority Leader Honors Grijalva\u2019s Legacy<\/h3>\n<p>House Minority Leader Hakeem Jeffries (D-N.Y.) praised Grijalva\u2019s career, calling him &#8220;a progressive warrior who always fought for the least, the lost, and the left behind.&#8221; He emphasized Grijalva\u2019s mentorship and contributions to Congress, saying, &#8220;He was a mentor to many and a friend to all. We will miss his principled presence and wisdom greatly.&#8221;<\/p>\n<h3>A Lasting Impact<\/h3>\n<p>Grijalva\u2019s passing marks the end of an era for Arizona politics and progressive leadership in the House. His decades-long advocacy for environmental protection, immigrant rights, and social justice leave behind a powerful legacy that will continue to influence policy for years to come.<\/p>\n<p>As the House prepares for a special election to fill his seat, tributes continue to pour in, recognizing Grijalva\u2019s enduring impact on Congress and the communities he served.<\/p>\n<\/div>\n","protected":false},"excerpt":{"rendered":"<p>Rep. Ra\u00fal Grijalva Passes Away at 77 Arizona Congressman Ra\u00fal Grijalva, a longtime Democratic leader and advocate for progressive policies, passed away at the age of 77. His office announced that he died Thursday morning due to complications from cancer treatments. A Courageous Battle with Cancer Grijalva publicly revealed his cancer diagnosis in April 2024&#8230;<\/p>\n<p class=\"more-link-wrap\"><a href=\"https:\/\/biyografikimdir.com\/?p=2030\" class=\"more-link\">Read More<span class=\"screen-reader-text\"> &ldquo;Democratic Rep. Ra\u00fal Grijalva Dies At 77 After Battle With Cancer&rdquo;<\/span> &raquo;<\/a><\/p>\n","protected":false},"author":2,"featured_media":2031,"comment_status":"open","ping_status":"open","sticky":false,"template":"","format":"standard","meta":{"footnotes":""},"categories":[1],"tags":[],"class_list":["post-2030","post","type-post","status-publish","format-standard","has-post-thumbnail","hentry","category-uncategorized"],"yoast_head":"<!-- This site is optimized with the Yoast SEO plugin v24.5 - https:\/\/yoast.com\/wordpress\/plugins\/seo\/ -->\n<title>Democratic Rep. Ra\u00fal Grijalva Dies At 77 After Battle With Cancer - Daily News<\/title>\n<meta name=\"robots\" content=\"index, follow, max-snippet:-1, max-image-preview:large, max-video-preview:-1\" \/>\n<link rel=\"canonical\" href=\"https:\/\/biyografikimdir.com\/?p=2030\" \/>\n<meta property=\"og:locale\" content=\"en_US\" \/>\n<meta property=\"og:type\" content=\"article\" \/>\n<meta property=\"og:title\" content=\"Democratic Rep. Ra\u00fal Grijalva Dies At 77 After Battle With Cancer - Daily News\" \/>\n<meta property=\"og:description\" content=\"Rep. Ra\u00fal Grijalva Passes Away at 77 Arizona Congressman Ra\u00fal Grijalva, a longtime Democratic leader and advocate for progressive policies, passed away at the age of 77. His office announced that he died Thursday morning due to complications from cancer treatments. A Courageous Battle with Cancer Grijalva publicly revealed his cancer diagnosis in April 2024...Read More &ldquo;Democratic Rep. Ra\u00fal Grijalva Dies At 77 After Battle With Cancer&rdquo; &raquo;\" \/>\n<meta property=\"og:url\" content=\"https:\/\/biyografikimdir.com\/?p=2030\" \/>\n<meta property=\"og:site_name\" content=\"Daily News\" \/>\n<meta property=\"article:published_time\" content=\"2025-03-14T15:34:14+00:00\" \/>\n<meta property=\"og:image\" content=\"https:\/\/biyografikimdir.com\/wp-content\/uploads\/2025\/03\/483604726_122126580944409429_7643275833814289040_n.jpg\" \/>\n\t<meta property=\"og:image:width\" content=\"1200\" \/>\n\t<meta property=\"og:image:height\" content=\"1200\" \/>\n\t<meta property=\"og:image:type\" content=\"image\/jpeg\" \/>\n<meta name=\"author\" content=\"admin\" \/>\n<meta name=\"twitter:card\" content=\"summary_large_image\" \/>\n<meta name=\"twitter:label1\" content=\"Written by\" \/>\n\t<meta name=\"twitter:data1\" content=\"admin\" \/>\n\t<meta name=\"twitter:label2\" content=\"Est. reading time\" \/>\n\t<meta name=\"twitter:data2\" content=\"3 minutes\" \/>\n<script type=\"application\/ld+json\" class=\"yoast-schema-graph\">{\"@context\":\"https:\/\/schema.org\",\"@graph\":[{\"@type\":\"WebPage\",\"@id\":\"https:\/\/biyografikimdir.com\/?p=2030\",\"url\":\"https:\/\/biyografikimdir.com\/?p=2030\",\"name\":\"Democratic Rep. Ra\u00fal Grijalva Dies At 77 After Battle With Cancer - Daily News\",\"isPartOf\":{\"@id\":\"https:\/\/biyografikimdir.com\/#website\"},\"primaryImageOfPage\":{\"@id\":\"https:\/\/biyografikimdir.com\/?p=2030#primaryimage\"},\"image\":{\"@id\":\"https:\/\/biyografikimdir.com\/?p=2030#primaryimage\"},\"thumbnailUrl\":\"https:\/\/biyografikimdir.com\/wp-content\/uploads\/2025\/03\/483604726_122126580944409429_7643275833814289040_n.jpg\",\"datePublished\":\"2025-03-14T15:34:14+00:00\",\"author\":{\"@id\":\"https:\/\/biyografikimdir.com\/#\/schema\/person\/f4fbd54a370081688a5c1c64fa2c1823\"},\"breadcrumb\":{\"@id\":\"https:\/\/biyografikimdir.com\/?p=2030#breadcrumb\"},\"inLanguage\":\"en-US\",\"potentialAction\":[{\"@type\":\"ReadAction\",\"target\":[\"https:\/\/biyografikimdir.com\/?p=2030\"]}]},{\"@type\":\"ImageObject\",\"inLanguage\":\"en-US\",\"@id\":\"https:\/\/biyografikimdir.com\/?p=2030#primaryimage\",\"url\":\"https:\/\/biyografikimdir.com\/wp-content\/uploads\/2025\/03\/483604726_122126580944409429_7643275833814289040_n.jpg\",\"contentUrl\":\"https:\/\/biyografikimdir.com\/wp-content\/uploads\/2025\/03\/483604726_122126580944409429_7643275833814289040_n.jpg\",\"width\":1200,\"height\":1200},{\"@type\":\"BreadcrumbList\",\"@id\":\"https:\/\/biyografikimdir.com\/?p=2030#breadcrumb\",\"itemListElement\":[{\"@type\":\"ListItem\",\"position\":1,\"name\":\"Home\",\"item\":\"https:\/\/biyografikimdir.com\/\"},{\"@type\":\"ListItem\",\"position\":2,\"name\":\"Democratic Rep. Ra\u00fal Grijalva Dies At 77 After Battle With Cancer\"}]},{\"@type\":\"WebSite\",\"@id\":\"https:\/\/biyografikimdir.com\/#website\",\"url\":\"https:\/\/biyografikimdir.com\/\",\"name\":\"Daily News\",\"description\":\"\",\"potentialAction\":[{\"@type\":\"SearchAction\",\"target\":{\"@type\":\"EntryPoint\",\"urlTemplate\":\"https:\/\/biyografikimdir.com\/?s={search_term_string}\"},\"query-input\":{\"@type\":\"PropertyValueSpecification\",\"valueRequired\":true,\"valueName\":\"search_term_string\"}}],\"inLanguage\":\"en-US\"},{\"@type\":\"Person\",\"@id\":\"https:\/\/biyografikimdir.com\/#\/schema\/person\/f4fbd54a370081688a5c1c64fa2c1823\",\"name\":\"admin\",\"image\":{\"@type\":\"ImageObject\",\"inLanguage\":\"en-US\",\"@id\":\"https:\/\/biyografikimdir.com\/#\/schema\/person\/image\/\",\"url\":\"https:\/\/secure.gravatar.com\/avatar\/fde0175f481c63caac133eac6adcf124?s=96&d=mm&r=g\",\"contentUrl\":\"https:\/\/secure.gravatar.com\/avatar\/fde0175f481c63caac133eac6adcf124?s=96&d=mm&r=g\",\"caption\":\"admin\"},\"url\":\"https:\/\/biyografikimdir.com\/?author=2\"}]}<\/script>\n<!-- \/ Yoast SEO plugin. -->","yoast_head_json":{"title":"Democratic Rep. Ra\u00fal Grijalva Dies At 77 After Battle With Cancer - Daily News","robots":{"index":"index","follow":"follow","max-snippet":"max-snippet:-1","max-image-preview":"max-image-preview:large","max-video-preview":"max-video-preview:-1"},"canonical":"https:\/\/biyografikimdir.com\/?p=2030","og_locale":"en_US","og_type":"article","og_title":"Democratic Rep. Ra\u00fal Grijalva Dies At 77 After Battle With Cancer - Daily News","og_description":"Rep. Ra\u00fal Grijalva Passes Away at 77 Arizona Congressman Ra\u00fal Grijalva, a longtime Democratic leader and advocate for progressive policies, passed away at the age of 77. His office announced that he died Thursday morning due to complications from cancer treatments. A Courageous Battle with Cancer Grijalva publicly revealed his cancer diagnosis in April 2024...Read More &ldquo;Democratic Rep. Ra\u00fal Grijalva Dies At 77 After Battle With Cancer&rdquo; &raquo;","og_url":"https:\/\/biyografikimdir.com\/?p=2030","og_site_name":"Daily News","article_published_time":"2025-03-14T15:34:14+00:00","og_image":[{"width":1200,"height":1200,"url":"https:\/\/biyografikimdir.com\/wp-content\/uploads\/2025\/03\/483604726_122126580944409429_7643275833814289040_n.jpg","type":"image\/jpeg"}],"author":"admin","twitter_card":"summary_large_image","twitter_misc":{"Written by":"admin","Est. reading time":"3 minutes"},"schema":{"@context":"https:\/\/schema.org","@graph":[{"@type":"WebPage","@id":"https:\/\/biyografikimdir.com\/?p=2030","url":"https:\/\/biyografikimdir.com\/?p=2030","name":"Democratic Rep. Ra\u00fal Grijalva Dies At 77 After Battle With Cancer - Daily News","isPartOf":{"@id":"https:\/\/biyografikimdir.com\/#website"},"primaryImageOfPage":{"@id":"https:\/\/biyografikimdir.com\/?p=2030#primaryimage"},"image":{"@id":"https:\/\/biyografikimdir.com\/?p=2030#primaryimage"},"thumbnailUrl":"https:\/\/biyografikimdir.com\/wp-content\/uploads\/2025\/03\/483604726_122126580944409429_7643275833814289040_n.jpg","datePublished":"2025-03-14T15:34:14+00:00","author":{"@id":"https:\/\/biyografikimdir.com\/#\/schema\/person\/f4fbd54a370081688a5c1c64fa2c1823"},"breadcrumb":{"@id":"https:\/\/biyografikimdir.com\/?p=2030#breadcrumb"},"inLanguage":"en-US","potentialAction":[{"@type":"ReadAction","target":["https:\/\/biyografikimdir.com\/?p=2030"]}]},{"@type":"ImageObject","inLanguage":"en-US","@id":"https:\/\/biyografikimdir.com\/?p=2030#primaryimage","url":"https:\/\/biyografikimdir.com\/wp-content\/uploads\/2025\/03\/483604726_122126580944409429_7643275833814289040_n.jpg","contentUrl":"https:\/\/biyografikimdir.com\/wp-content\/uploads\/2025\/03\/483604726_122126580944409429_7643275833814289040_n.jpg","width":1200,"height":1200},{"@type":"BreadcrumbList","@id":"https:\/\/biyografikimdir.com\/?p=2030#breadcrumb","itemListElement":[{"@type":"ListItem","position":1,"name":"Home","item":"https:\/\/biyografikimdir.com\/"},{"@type":"ListItem","position":2,"name":"Democratic Rep. Ra\u00fal Grijalva Dies At 77 After Battle With Cancer"}]},{"@type":"WebSite","@id":"https:\/\/biyografikimdir.com\/#website","url":"https:\/\/biyografikimdir.com\/","name":"Daily News","description":"","potentialAction":[{"@type":"SearchAction","target":{"@type":"EntryPoint","urlTemplate":"https:\/\/biyografikimdir.com\/?s={search_term_string}"},"query-input":{"@type":"PropertyValueSpecification","valueRequired":true,"valueName":"search_term_string"}}],"inLanguage":"en-US"},{"@type":"Person","@id":"https:\/\/biyografikimdir.com\/#\/schema\/person\/f4fbd54a370081688a5c1c64fa2c1823","name":"admin","image":{"@type":"ImageObject","inLanguage":"en-US","@id":"https:\/\/biyografikimdir.com\/#\/schema\/person\/image\/","url":"https:\/\/secure.gravatar.com\/avatar\/fde0175f481c63caac133eac6adcf124?s=96&d=mm&r=g","contentUrl":"https:\/\/secure.gravatar.com\/avatar\/fde0175f481c63caac133eac6adcf124?s=96&d=mm&r=g","caption":"admin"},"url":"https:\/\/biyografikimdir.com\/?author=2"}]}},"_links":{"self":[{"href":"https:\/\/biyografikimdir.com\/index.php?rest_route=\/wp\/v2\/posts\/2030","targetHints":{"allow":["GET"]}}],"collection":[{"href":"https:\/\/biyografikimdir.com\/index.php?rest_route=\/wp\/v2\/posts"}],"about":[{"href":"https:\/\/biyografikimdir.com\/index.php?rest_route=\/wp\/v2\/types\/post"}],"author":[{"embeddable":true,"href":"https:\/\/biyografikimdir.com\/index.php?rest_route=\/wp\/v2\/users\/2"}],"replies":[{"embeddable":true,"href":"https:\/\/biyografikimdir.com\/index.php?rest_route=%2Fwp%2Fv2%2Fcomments&post=2030"}],"version-history":[{"count":1,"href":"https:\/\/biyografikimdir.com\/index.php?rest_route=\/wp\/v2\/posts\/2030\/revisions"}],"predecessor-version":[{"id":2032,"href":"https:\/\/biyografikimdir.com\/index.php?rest_route=\/wp\/v2\/posts\/2030\/revisions\/2032"}],"wp:featuredmedia":[{"embeddable":true,"href":"https:\/\/biyografikimdir.com\/index.php?rest_route=\/wp\/v2\/media\/2031"}],"wp:attachment":[{"href":"https:\/\/biyografikimdir.com\/index.php?rest_route=%2Fwp%2Fv2%2Fmedia&parent=2030"}],"wp:term":[{"taxonomy":"category","embeddable":true,"href":"https:\/\/biyografikimdir.com\/index.php?rest_route=%2Fwp%2Fv2%2Fcategories&post=2030"},{"taxonomy":"post_tag","embeddable":true,"href":"https:\/\/biyografikimdir.com\/index.php?rest_route=%2Fwp%2Fv2%2Ftags&post=2030"}],"curies":[{"name":"wp","href":"https:\/\/api.w.org\/{rel}","templated":true}]}}